{"id":649,"date":"2019-11-12T23:05:58","date_gmt":"2019-11-12T22:05:58","guid":{"rendered":"http:\/\/ceraaalet.fr\/?p=649"},"modified":"2019-11-18T22:52:37","modified_gmt":"2019-11-18T21:52:37","slug":"hoedicuneileatlantique","status":"publish","type":"post","link":"http:\/\/ceraaalet.fr\/en\/2019\/11\/12\/hoedicuneileatlantique\/","title":{"rendered":"Le num\u00e9ro suppl\u00e9mentaire des dossiers du CeRAA: \u00ab\u00a0Hoedic, une \u00eele atlantique\u00a0\u00bb, est disponible."},"content":{"rendered":"<p>Le num\u00e9ro suppl\u00e9mentaire AM-2016 des dossiers du Ce.R.A.A., \u00ab\u00a0Hoedic, une \u00eele atlantique\u00a0\u00bb, sous la direction de Marie-Yvane Daire et Anna Baudry, est en vente.<\/p>\n<p class=\"brz-tp-paragraph\"><span class=\"brz-cp-color1\">Pour commander l&rsquo;ouvrage, vous pouvez contacter l\u2019association:<\/span><\/p>\n<ul>\n<li class=\"brz-tp-paragraph\"><span class=\"brz-cp-color1\">en envoyant un mail \u00e0 l\u2019adresse suivante:\u00a0\u00a0alet.archeologie@orange.fr<\/span><\/li>\n<li class=\"brz-tp-paragraph\"><span class=\"brz-cp-color1\">par courrier \u00e0: Ce.R.A.A , Rue de Gasp\u00e9, BP 60, 35413 \u2013 Saint-Malo<\/span><\/li>\n<li class=\"brz-tp-paragraph\"><span class=\"brz-cp-color1\">par t\u00e9l\u00e9phone: au\u00a002 99 82 63 73\u00a0<\/span><\/li>\n<\/ul>\n<p><img loading=\"lazy\" decoding=\"async\" class=\"size-medium wp-image-651 aligncenter\" src=\"http:\/\/ceraaalet.fr\/wp-content\/uploads\/2019\/11\/20190708_193630-Copie-203x300.jpg\" alt=\"\" width=\"203\" height=\"300\" \/><\/p>\n<p><img loading=\"lazy\" decoding=\"async\" class=\"size-medium wp-image-650 aligncenter\" src=\"http:\/\/ceraaalet.fr\/wp-content\/uploads\/2019\/11\/20190708_193650-Copie-208x300.jpg\" alt=\"\" width=\"208\" height=\"300\" srcset=\"http:\/\/ceraaalet.fr\/wp-content\/uploads\/2019\/11\/20190708_193650-Copie-208x300.jpg 208w, http:\/\/ceraaalet.fr\/wp-content\/uploads\/2019\/11\/20190708_193650-Copie-768x1107.jpg 768w, http:\/\/ceraaalet.fr\/wp-content\/uploads\/2019\/11\/20190708_193650-Copie-711x1024.jpg 711w, http:\/\/ceraaalet.fr\/wp-content\/uploads\/2019\/11\/20190708_193650-Copie.jpg 1449w\" sizes=\"auto, (max-width: 208px) 100vw, 208px\" \/><\/p>\n<p><em>\u00ab\u00a0Ancr\u00e9e au large de la c\u00f4te atlantique bretonne, \u00e0 quelques brasses de Belle-Ile-en Mer et de Houat, l\u2019\u00eele d\u2019Hoedic a connu plusieurs p\u00e9riodes de fr\u00e9quentation humaine au cours de la Pr\u00e9histoire, de la Protohistoire et des p\u00e9riodes historiques.<\/em><\/p>\n<p><em>Cet ouvrage est consacr\u00e9 aux riches occupations de la fin de l\u2019\u00e2ge du Fer qui ont marqu\u00e9 Hoedic et ses \u00eeles s\u0153urs du Mor Braz. Les recherches arch\u00e9ologiques, conduites sous la direction de Marie-Yvane Daire sur les sites de Port-Blanc et de Sterflant entre 2004 et 2015, ont g\u00e9n\u00e9r\u00e9 des \u00e9tudes multidisciplinaires des structures et mobiliers arch\u00e9ologiques, des assemblages arch\u00e9ozoologiques et de l\u2019environnement du site.<\/em><\/p>\n<p><em>Elles offrent une vision in\u00e9dite de l\u2019\u00e9conomie de subsistance des populations insulaires et de la place des \u00eeles dans le contexte atlantique \u00e0 la veille de la conqu\u00eate romaine\u2026\u00a0\u00bb<\/em><\/p>\n<p><em>Sous la Direction de Marie-Yvane Daire et de Anna Baudry, pr\u00e9face Jean-Marc Large.<\/em><\/p>\n<p>&nbsp;<\/p>","protected":false},"excerpt":{"rendered":"Le num\u00e9ro suppl\u00e9mentaire AM-2016 des dossiers du Ce.R.A.A., [&hellip;]","protected":false},"author":2,"featured_media":653,"comment_status":"closed","ping_status":"closed","sticky":false,"template":"","format":"standard","meta":{"footnotes":""},"categories":[1],"tags":[],"class_list":["post-649","post","type-post","status-publish","format-standard","has-post-thumbnail","hentry","category-non-classe"],"brizy_media":[],"_links":{"self":[{"href":"http:\/\/ceraaalet.fr\/en\/wp-json\/wp\/v2\/posts\/649","targetHints":{"allow":["GET"]}}],"collection":[{"href":"http:\/\/ceraaalet.fr\/en\/wp-json\/wp\/v2\/posts"}],"about":[{"href":"http:\/\/ceraaalet.fr\/en\/wp-json\/wp\/v2\/types\/post"}],"author":[{"embeddable":true,"href":"http:\/\/ceraaalet.fr\/en\/wp-json\/wp\/v2\/users\/2"}],"replies":[{"embeddable":true,"href":"http:\/\/ceraaalet.fr\/en\/wp-json\/wp\/v2\/comments?post=649"}],"version-history":[{"count":4,"href":"http:\/\/ceraaalet.fr\/en\/wp-json\/wp\/v2\/posts\/649\/revisions"}],"predecessor-version":[{"id":656,"href":"http:\/\/ceraaalet.fr\/en\/wp-json\/wp\/v2\/posts\/649\/revisions\/656"}],"wp:featuredmedia":[{"embeddable":true,"href":"http:\/\/ceraaalet.fr\/en\/wp-json\/wp\/v2\/media\/653"}],"wp:attachment":[{"href":"http:\/\/ceraaalet.fr\/en\/wp-json\/wp\/v2\/media?parent=649"}],"wp:term":[{"taxonomy":"category","embeddable":true,"href":"http:\/\/ceraaalet.fr\/en\/wp-json\/wp\/v2\/categories?post=649"},{"taxonomy":"post_tag","embeddable":true,"href":"http:\/\/ceraaalet.fr\/en\/wp-json\/wp\/v2\/tags?post=649"}],"curies":[{"name":"wp","href":"https:\/\/api.w.org\/{rel}","templated":true}]}}