{"id":658,"date":"2019-11-30T19:19:05","date_gmt":"2019-11-30T18:19:05","guid":{"rendered":"http:\/\/ceraaalet.fr\/?p=658"},"modified":"2019-11-30T19:19:05","modified_gmt":"2019-11-30T18:19:05","slug":"assemblee-generale-du-ce-r-a-a-le-samedi-7-decembre-2019","status":"publish","type":"post","link":"http:\/\/ceraaalet.fr\/en\/2019\/11\/30\/assemblee-generale-du-ce-r-a-a-le-samedi-7-decembre-2019\/","title":{"rendered":"Assembl\u00e9e g\u00e9n\u00e9rale du Ce.R.A.A. le samedi 7 D\u00e9cembre 2019"},"content":{"rendered":"<p>Ce Samedi 7 D\u00e9cembre 2019, le Ce.R.A.A. organise son assembl\u00e9e g\u00e9n\u00e9rale. Au programme, bilan de l\u2019ann\u00e9e 2019, projets et prospectives pour l\u2019ann\u00e9e 2020, pr\u00e9sentation de l\u2019avanc\u00e9e des travaux en cours par les chercheurs.<\/p>\n<p>Les adh\u00e9rents (anciens et nouveaux)\u00a0 sont attendus, Rue de Gasp\u00e9 \u00e0 Saint-Malo, \u00e0 09h30 pour\u00a0 l\u2019AG.<\/p>\n<p><img loading=\"lazy\" decoding=\"async\" class=\"alignnone size-full wp-image-634 aligncenter\" src=\"http:\/\/ceraaalet.fr\/wp-content\/uploads\/2018\/12\/visuel4-1.jpg\" alt=\"\" width=\"214\" height=\"170\" \/><\/p>","protected":false},"excerpt":{"rendered":"Ce Samedi 7 D\u00e9cembre 2019, le Ce.R.A.A. organise [&hellip;]","protected":false},"author":2,"featured_media":638,"comment_status":"closed","ping_status":"closed","sticky":false,"template":"","format":"standard","meta":{"footnotes":""},"categories":[1],"tags":[],"class_list":["post-658","post","type-post","status-publish","format-standard","has-post-thumbnail","hentry","category-non-classe"],"brizy_media":[],"_links":{"self":[{"href":"http:\/\/ceraaalet.fr\/en\/wp-json\/wp\/v2\/posts\/658","targetHints":{"allow":["GET"]}}],"collection":[{"href":"http:\/\/ceraaalet.fr\/en\/wp-json\/wp\/v2\/posts"}],"about":[{"href":"http:\/\/ceraaalet.fr\/en\/wp-json\/wp\/v2\/types\/post"}],"author":[{"embeddable":true,"href":"http:\/\/ceraaalet.fr\/en\/wp-json\/wp\/v2\/users\/2"}],"replies":[{"embeddable":true,"href":"http:\/\/ceraaalet.fr\/en\/wp-json\/wp\/v2\/comments?post=658"}],"version-history":[{"count":1,"href":"http:\/\/ceraaalet.fr\/en\/wp-json\/wp\/v2\/posts\/658\/revisions"}],"predecessor-version":[{"id":659,"href":"http:\/\/ceraaalet.fr\/en\/wp-json\/wp\/v2\/posts\/658\/revisions\/659"}],"wp:featuredmedia":[{"embeddable":true,"href":"http:\/\/ceraaalet.fr\/en\/wp-json\/wp\/v2\/media\/638"}],"wp:attachment":[{"href":"http:\/\/ceraaalet.fr\/en\/wp-json\/wp\/v2\/media?parent=658"}],"wp:term":[{"taxonomy":"category","embeddable":true,"href":"http:\/\/ceraaalet.fr\/en\/wp-json\/wp\/v2\/categories?post=658"},{"taxonomy":"post_tag","embeddable":true,"href":"http:\/\/ceraaalet.fr\/en\/wp-json\/wp\/v2\/tags?post=658"}],"curies":[{"name":"wp","href":"https:\/\/api.w.org\/{rel}","templated":true}]}}