{"id":916,"date":"2023-01-18T22:06:13","date_gmt":"2023-01-18T21:06:13","guid":{"rendered":"http:\/\/ceraaalet.fr\/?p=916"},"modified":"2023-01-18T22:06:13","modified_gmt":"2023-01-18T21:06:13","slug":"assemblee-generale-du-ce-r-a-a-samedi-21-janvier-2023","status":"publish","type":"post","link":"http:\/\/ceraaalet.fr\/en\/2023\/01\/18\/assemblee-generale-du-ce-r-a-a-samedi-21-janvier-2023\/","title":{"rendered":"Assembl\u00e9e g\u00e9n\u00e9rale du Ce.R.A.A. samedi 21 Janvier 2023"},"content":{"rendered":"<p>Samedi 21 Janvier 2023, le Ce.R.A.A. organise son assembl\u00e9e g\u00e9n\u00e9rale. Au programme, bilan de l\u2019ann\u00e9e 2022, projets et prospectives pour l\u2019ann\u00e9e 2023, pr\u00e9sentation de l\u2019avanc\u00e9e des travaux en cours par les chercheurs.<\/p>\n<p>Les membres du Ce.R.A.A. ont re\u00e7u par mail une invitation pour la r\u00e9union. Pour ceux qui\u00a0 souhaiteraient rejoindre notre association, n\u2019h\u00e9sitez pas \u00e0 nous contacter:<\/p>\n<ul>\n<li class=\"brz-tp-paragraph\"><span class=\"brz-cp-color1\">en envoyant un mail \u00e0 l\u2019adresse suivante:\u00a0\u00a0alet.archeologie@orange.fr<\/span><\/li>\n<li class=\"brz-tp-paragraph\"><span class=\"brz-cp-color1\">par courrier \u00e0: Ce.R.A.A , Rue de Gasp\u00e9, BP 60, 35413 \u2013 Saint-Malo<\/span><\/li>\n<li class=\"brz-tp-paragraph\"><span class=\"brz-cp-color1\">par t\u00e9l\u00e9phone: au 02 99 82 63 73\u00a0<\/span><\/li>\n<\/ul>\n<p class=\"brz-tp-paragraph\"><span class=\"brz-cp-color1\">Vous pouvez aussi nous contacter via les<\/span><span class=\"brz-cp-color7\">\u00a0<\/span><a class=\"link--external brz-cp-color7\" href=\"https:\/\/www.facebook.com\/Ceraaalet\" target=\"_blank\" rel=\"noopener noreferrer\">r\u00e9seaux sociaux.<\/a><\/p>\n<p><img loading=\"lazy\" decoding=\"async\" class=\"alignnone size-medium wp-image-918 aligncenter\" src=\"http:\/\/ceraaalet.fr\/wp-content\/uploads\/2023\/01\/Capture21-193x300.jpg\" alt=\"\" width=\"193\" height=\"300\" srcset=\"http:\/\/ceraaalet.fr\/wp-content\/uploads\/2023\/01\/Capture21-193x300.jpg 193w, http:\/\/ceraaalet.fr\/wp-content\/uploads\/2023\/01\/Capture21.jpg 328w\" sizes=\"auto, (max-width: 193px) 100vw, 193px\" \/><\/p>","protected":false},"excerpt":{"rendered":"Samedi 21 Janvier 2023, le Ce.R.A.A. organise son [&hellip;]","protected":false},"author":2,"featured_media":918,"comment_status":"closed","ping_status":"closed","sticky":false,"template":"","format":"standard","meta":{"footnotes":""},"categories":[1],"tags":[],"class_list":["post-916","post","type-post","status-publish","format-standard","has-post-thumbnail","hentry","category-non-classe"],"brizy_media":[],"_links":{"self":[{"href":"http:\/\/ceraaalet.fr\/en\/wp-json\/wp\/v2\/posts\/916","targetHints":{"allow":["GET"]}}],"collection":[{"href":"http:\/\/ceraaalet.fr\/en\/wp-json\/wp\/v2\/posts"}],"about":[{"href":"http:\/\/ceraaalet.fr\/en\/wp-json\/wp\/v2\/types\/post"}],"author":[{"embeddable":true,"href":"http:\/\/ceraaalet.fr\/en\/wp-json\/wp\/v2\/users\/2"}],"replies":[{"embeddable":true,"href":"http:\/\/ceraaalet.fr\/en\/wp-json\/wp\/v2\/comments?post=916"}],"version-history":[{"count":2,"href":"http:\/\/ceraaalet.fr\/en\/wp-json\/wp\/v2\/posts\/916\/revisions"}],"predecessor-version":[{"id":919,"href":"http:\/\/ceraaalet.fr\/en\/wp-json\/wp\/v2\/posts\/916\/revisions\/919"}],"wp:featuredmedia":[{"embeddable":true,"href":"http:\/\/ceraaalet.fr\/en\/wp-json\/wp\/v2\/media\/918"}],"wp:attachment":[{"href":"http:\/\/ceraaalet.fr\/en\/wp-json\/wp\/v2\/media?parent=916"}],"wp:term":[{"taxonomy":"category","embeddable":true,"href":"http:\/\/ceraaalet.fr\/en\/wp-json\/wp\/v2\/categories?post=916"},{"taxonomy":"post_tag","embeddable":true,"href":"http:\/\/ceraaalet.fr\/en\/wp-json\/wp\/v2\/tags?post=916"}],"curies":[{"name":"wp","href":"https:\/\/api.w.org\/{rel}","templated":true}]}}