{"id":267,"date":"2018-05-31T22:20:19","date_gmt":"2018-05-31T20:20:19","guid":{"rendered":"http:\/\/ceraaalet.nulien.net\/?p=267"},"modified":"2018-06-14T10:43:49","modified_gmt":"2018-06-14T08:43:49","slug":"501-ans","status":"publish","type":"post","link":"https:\/\/ceraaalet.fr\/en\/2018\/05\/31\/501-ans\/","title":{"rendered":"50 ans+1! : le Ce.R.A.A. ouvre ses portes."},"content":{"rendered":"<h2 style=\"text-align: center;\"><strong>50+1 ans: le Ce.R.A.A. f\u00eate <\/strong><strong>son anniversaire\u00a0\u00a0<\/strong><\/h2>\n<p style=\"text-align: center;\"><strong>Le samedi 2 juin \u00e0 partir de 14h00 jusqu&rsquo;\u00e0 18h00 et<\/strong><strong>\u00a0le dimanche 3 juin 2018 de 10h00 \u00e0 18h00<\/strong><\/p>\n<p>Les membres du Ce.R.A.A. vous acceuilleront pour une d\u00e9couverte de nos activit\u00e9s et de notre actualit\u00e9 de recherches en arch\u00e9ologie.<\/p>\n<p>Un choix de sites pour d\u00e9couvrir le travail du Ce.R.A.A. Des recherches parfois anciennes qui ont fait avancer les connaissances arch\u00e9ologiques, mais aussi les lieux de nos interrogations actuelles&#8230;<\/p>\n<p>Parfois des vestiges monumentaux et connues, mais aussi des choses in\u00e9dites, discr\u00e8tes, voire non spectaculaires&#8230;pour d\u00e9couvrir un aspect de la recherche arch\u00e9ologique: notre quotidien&#8230;<\/p>\n<p>Des visites courtes, \u00e0 butiner (!), pour une diversit\u00e9 d&rsquo;approches.<\/p>\n<h3 class=\"style25\" style=\"text-align: left;\"><span style=\"color: #000000;\"><strong>Des visites de sites , mais pas des chantiers de fouilles (programme pr\u00e9visionnel)<\/strong><\/span><\/h3>\n<p><strong>&#8211; pour entendre, se faire raconter:<\/strong><\/p>\n<ul>\n<li><span class=\"style18\">La Cit\u00e9 d&rsquo;Alet \u00e0 Saint-Malo de l\u2019\u00e9poque gauloise au Moyen-Age (Samedi 2 \u00e0 16h\/ dimanche 3 \u00e0 10h30 et \u00e0 16h- accueil Anse Saint-P\u00e8re -limit\u00e9e \u00e0 40 personnes \u2013 dur\u00e9e environ 1h00)<\/span><\/li>\n<li class=\"style32\">l&rsquo;espace mus\u00e9ographique de Lillemer&#8230; autour d\u2019un habitat du n\u00e9olithique (accueil en continu \u00e0 la mairie de Lillemer)<\/li>\n<li class=\"style32\">Les Buttes du Ch\u00e2tel en Marcill\u00e9-Raoul&#8230;un site fortifi\u00e9 du Moyen-Age (Samedi \u00e0 14h00, 15h30, 17h00 \/dimanche en pr\u00e9vision)<\/li>\n<\/ul>\n<p><strong>&#8211; pour voir, pour d\u00e9couvrir, pour comprendre :<\/strong><\/p>\n<ul>\n<li>L&rsquo;Anse du Verger \u00e0 Cancale, la pr\u00e9histoire et les coupes de terrain de l\u2019\u00e8re quaternaire (Samedi 2 \u00e0 14h30 et 16h30\/ Dimanche: 14h30-16h30- accueil au parking &#8211; 10 minutes de marche \u2013 dur\u00e9e environ 30 minutes)<\/li>\n<li class=\"style35\">l&rsquo;Enceinte de Co\u00ebtquen en Saint-Helen ou diff\u00e9rents t\u00e9moins d\u2019une seigneurie au Moyen-Age (accueil en continu sur site &#8211; acc\u00e8s difficile \u2013 \u00e9quipement de terrain conseill\u00e9 &#8211; voir fl\u00e9chage \u00e0 partir du village de Co\u00ebtquen)<\/li>\n<li>Les P\u00eacheries de Saint-Jacut-de-La-Mer (Samedi 2 \u00e0 16h\/ Dimanche 3 \u00e0 16h- accueil au parking du bout du chef de l&rsquo;Isle &#8211; 10 minutes de marche &#8211; \u00e9quipement littoral conseill\u00e9 \u2013 dur\u00e9e environ 30 minutes)<\/li>\n<li class=\"style35\">Une visite phytologique \u00a0&#8211; Les Buttes du Ch\u00e2tel en Marcill\u00e9-Raoul, ou comment l\u2019\u00e9tude des plantes permet la compr\u00e9hension d\u2019un site&#8230; (dimanche \u00e0 14h00 &#8211; accueil au parking dur\u00e9e environ 1 heure)<\/li>\n<\/ul>\n<p><strong>&#8211; pour faire, pour essayer:<\/strong><\/p>\n<ul>\n<li>L&rsquo;Enceinte de la Goudaie en Pl\u00e9d\u00e9liac, un relev\u00e9 topographique (samedi de 14h00 \u00e0 18h00 &#8211; accueil en continu sur site &#8211; 10 minutes marche &#8211; acc\u00e8s difficile \u2013 \u00e9quipement de terrain conseill\u00e9 &#8211; voir fl\u00e9chage \u00e0 partir de la Goudaie)<\/li>\n<li class=\"style35\">Le site de Pilleverte en Plesder \u2013 prospection autour de la fouille d\u2019un site de pal\u00e9om\u00e9talurgie du fer (accueil en continu, \u00e9quipement de terrain conseill\u00e9)<\/li>\n<\/ul>\n<p><strong><span class=\"style25\">&#8211; Des visites du Centre, Rue de Gasp\u00e9 \u00e0 Saint-Malo<\/span>\u00a0<\/strong>(accueil en continu &#8211; limit\u00e9 \u00e0 40 personnes en m\u00eame temps)<strong>:<\/strong><\/p>\n<ul>\n<li><span class=\"style35\">Pour d\u00e9couvrir le travail autour des collections&#8230;<\/span><\/li>\n<li>Pour la diversit\u00e9 de nos activit\u00e9s&#8230;.<\/li>\n<li>D\u00e9monstration de mesure et de d\u00e9termination de mat\u00e9riaux (le samedi \u00e0 18h00 et le dimanche \u00e0 16h30).<\/li>\n<\/ul>\n<p>&nbsp;<\/p>\n<p class=\"style22\" style=\"text-align: center;\">\u00a0\u00a0\u00a0\u00a0\u00a0\u00a0\u00a0\u00a0\u00a0 <strong><span style=\"color: #993366;\">Prochainement le flyer d&rsquo;accompagnement avec plans et cartes des lieux de visites,\u00a0<\/span><\/strong><strong><span style=\"color: #993366;\">avec information sur l&rsquo;accessibilit\u00e9 aux personnes \u00e0 mobilit\u00e9 r\u00e9duite.\u00a0<\/span><\/strong><\/p>","protected":false},"excerpt":{"rendered":"50+1 ans: le Ce.R.A.A. f\u00eate son anniversaire\u00a0\u00a0 Le [&hellip;]","protected":false},"author":2,"featured_media":419,"comment_status":"closed","ping_status":"open","sticky":false,"template":"","format":"standard","meta":{"footnotes":""},"categories":[1],"tags":[],"class_list":["post-267","post","type-post","status-publish","format-standard","has-post-thumbnail","hentry","category-non-classe"],"brizy_media":[],"_links":{"self":[{"href":"https:\/\/ceraaalet.fr\/en\/wp-json\/wp\/v2\/posts\/267","targetHints":{"allow":["GET"]}}],"collection":[{"href":"https:\/\/ceraaalet.fr\/en\/wp-json\/wp\/v2\/posts"}],"about":[{"href":"https:\/\/ceraaalet.fr\/en\/wp-json\/wp\/v2\/types\/post"}],"author":[{"embeddable":true,"href":"https:\/\/ceraaalet.fr\/en\/wp-json\/wp\/v2\/users\/2"}],"replies":[{"embeddable":true,"href":"https:\/\/ceraaalet.fr\/en\/wp-json\/wp\/v2\/comments?post=267"}],"version-history":[{"count":16,"href":"https:\/\/ceraaalet.fr\/en\/wp-json\/wp\/v2\/posts\/267\/revisions"}],"predecessor-version":[{"id":490,"href":"https:\/\/ceraaalet.fr\/en\/wp-json\/wp\/v2\/posts\/267\/revisions\/490"}],"wp:featuredmedia":[{"embeddable":true,"href":"https:\/\/ceraaalet.fr\/en\/wp-json\/wp\/v2\/media\/419"}],"wp:attachment":[{"href":"https:\/\/ceraaalet.fr\/en\/wp-json\/wp\/v2\/media?parent=267"}],"wp:term":[{"taxonomy":"category","embeddable":true,"href":"https:\/\/ceraaalet.fr\/en\/wp-json\/wp\/v2\/categories?post=267"},{"taxonomy":"post_tag","embeddable":true,"href":"https:\/\/ceraaalet.fr\/en\/wp-json\/wp\/v2\/tags?post=267"}],"curies":[{"name":"wp","href":"https:\/\/api.w.org\/{rel}","templated":true}]}}